{"id":8713,"date":"2026-08-25T11:53:12","date_gmt":"2026-08-25T15:53:12","guid":{"rendered":"https:\/\/chairecreat.ca\/?post_type=actualite&#038;p=8713"},"modified":"2026-08-25T11:53:31","modified_gmt":"2026-08-25T15:53:31","slug":"study-reveals-the-economic-and-social-impact-of-arts-and-culture-in-the-mauricie-region","status":"publish","type":"actualite","link":"https:\/\/chairecreat.ca\/en\/actualite\/study-reveals-the-economic-and-social-impact-of-arts-and-culture-in-the-mauricie-region\/","title":{"rendered":"Study Reveals the Economic and Social Impact of Arts and Culture in the Mauricie Region"},"template":"","meta":{"_acf_changed":false},"tags":[],"class_list":["post-8713","actualite","type-actualite","status-publish","hentry"],"acf":[],"yoast_head":"<!-- This site is optimized with the Yoast SEO plugin v28.4 - https:\/\/yoast.com\/product\/yoast-seo-wordpress\/ -->\n<title>Study Reveals the Economic and Social Impact of Arts and Culture in the Mauricie Region - Chaire en \u00e9conomie cr\u00e9ative &amp; mieux-\u00eatre<\/title>\n<meta name=\"robots\" content=\"index, follow, max-snippet:-1, max-image-preview:large, max-video-preview:-1\" \/>\n<link rel=\"canonical\" href=\"https:\/\/chairecreat.ca\/en\/actualite\/study-reveals-the-economic-and-social-impact-of-arts-and-culture-in-the-mauricie-region\/\" \/>\n<meta property=\"og:locale\" content=\"en_US\" \/>\n<meta property=\"og:type\" content=\"article\" \/>\n<meta property=\"og:title\" content=\"Study Reveals the Economic and Social Impact of Arts and Culture in the Mauricie Region - Chaire en \u00e9conomie cr\u00e9ative &amp; mieux-\u00eatre\" \/>\n<meta property=\"og:url\" content=\"https:\/\/chairecreat.ca\/en\/actualite\/study-reveals-the-economic-and-social-impact-of-arts-and-culture-in-the-mauricie-region\/\" \/>\n<meta property=\"og:site_name\" content=\"Chaire en \u00e9conomie cr\u00e9ative &amp; mieux-\u00eatre\" \/>\n<meta property=\"article:modified_time\" content=\"2026-08-25T15:53:31+00:00\" \/>\n<meta name=\"twitter:card\" content=\"summary_large_image\" \/>\n<meta name=\"twitter:label1\" content=\"Est. reading time\" \/>\n\t<meta name=\"twitter:data1\" content=\"2 minutes\" \/>\n<script type=\"application\/ld+json\" class=\"yoast-schema-graph\">{\"@context\":\"https:\\\/\\\/schema.org\",\"@graph\":[{\"@type\":\"WebPage\",\"@id\":\"https:\\\/\\\/chairecreat.ca\\\/en\\\/actualite\\\/study-reveals-the-economic-and-social-impact-of-arts-and-culture-in-the-mauricie-region\\\/\",\"url\":\"https:\\\/\\\/chairecreat.ca\\\/en\\\/actualite\\\/study-reveals-the-economic-and-social-impact-of-arts-and-culture-in-the-mauricie-region\\\/\",\"name\":\"Study Reveals the Economic and Social Impact of Arts and Culture in the Mauricie Region - Chaire en \u00e9conomie cr\u00e9ative &amp; mieux-\u00eatre\",\"isPartOf\":{\"@id\":\"https:\\\/\\\/chairecreat.ca\\\/en\\\/#website\"},\"datePublished\":\"2026-08-25T15:53:12+00:00\",\"dateModified\":\"2026-08-25T15:53:31+00:00\",\"breadcrumb\":{\"@id\":\"https:\\\/\\\/chairecreat.ca\\\/en\\\/actualite\\\/study-reveals-the-economic-and-social-impact-of-arts-and-culture-in-the-mauricie-region\\\/#breadcrumb\"},\"inLanguage\":\"en-CA\",\"potentialAction\":[{\"@type\":\"ReadAction\",\"target\":[\"https:\\\/\\\/chairecreat.ca\\\/en\\\/actualite\\\/study-reveals-the-economic-and-social-impact-of-arts-and-culture-in-the-mauricie-region\\\/\"]}]},{\"@type\":\"BreadcrumbList\",\"@id\":\"https:\\\/\\\/chairecreat.ca\\\/en\\\/actualite\\\/study-reveals-the-economic-and-social-impact-of-arts-and-culture-in-the-mauricie-region\\\/#breadcrumb\",\"itemListElement\":[{\"@type\":\"ListItem\",\"position\":1,\"name\":\"Home\",\"item\":\"https:\\\/\\\/chairecreat.ca\\\/en\\\/\"},{\"@type\":\"ListItem\",\"position\":2,\"name\":\"Study Reveals the Economic and Social Impact of Arts and Culture in the Mauricie Region\"}]},{\"@type\":\"WebSite\",\"@id\":\"https:\\\/\\\/chairecreat.ca\\\/en\\\/#website\",\"url\":\"https:\\\/\\\/chairecreat.ca\\\/en\\\/\",\"name\":\"Chaire en \u00e9conomie cr\u00e9ative &amp; mieux-\u00eatre\",\"description\":\"\",\"potentialAction\":[{\"@type\":\"SearchAction\",\"target\":{\"@type\":\"EntryPoint\",\"urlTemplate\":\"https:\\\/\\\/chairecreat.ca\\\/en\\\/?s={search_term_string}\"},\"query-input\":{\"@type\":\"PropertyValueSpecification\",\"valueRequired\":true,\"valueName\":\"search_term_string\"}}],\"inLanguage\":\"en-CA\"}]}<\/script>\n<!-- \/ Yoast SEO plugin. -->","yoast_head_json":{"title":"Study Reveals the Economic and Social Impact of Arts and Culture in the Mauricie Region - Chaire en \u00e9conomie cr\u00e9ative &amp; mieux-\u00eatre","robots":{"index":"index","follow":"follow","max-snippet":"max-snippet:-1","max-image-preview":"max-image-preview:large","max-video-preview":"max-video-preview:-1"},"canonical":"https:\/\/chairecreat.ca\/en\/actualite\/study-reveals-the-economic-and-social-impact-of-arts-and-culture-in-the-mauricie-region\/","og_locale":"en_US","og_type":"article","og_title":"Study Reveals the Economic and Social Impact of Arts and Culture in the Mauricie Region - Chaire en \u00e9conomie cr\u00e9ative &amp; mieux-\u00eatre","og_url":"https:\/\/chairecreat.ca\/en\/actualite\/study-reveals-the-economic-and-social-impact-of-arts-and-culture-in-the-mauricie-region\/","og_site_name":"Chaire en \u00e9conomie cr\u00e9ative &amp; mieux-\u00eatre","article_modified_time":"2026-08-25T15:53:31+00:00","twitter_card":"summary_large_image","twitter_misc":{"Est. reading time":"2 minutes"},"schema":{"@context":"https:\/\/schema.org","@graph":[{"@type":"WebPage","@id":"https:\/\/chairecreat.ca\/en\/actualite\/study-reveals-the-economic-and-social-impact-of-arts-and-culture-in-the-mauricie-region\/","url":"https:\/\/chairecreat.ca\/en\/actualite\/study-reveals-the-economic-and-social-impact-of-arts-and-culture-in-the-mauricie-region\/","name":"Study Reveals the Economic and Social Impact of Arts and Culture in the Mauricie Region - Chaire en \u00e9conomie cr\u00e9ative &amp; mieux-\u00eatre","isPartOf":{"@id":"https:\/\/chairecreat.ca\/en\/#website"},"datePublished":"2026-08-25T15:53:12+00:00","dateModified":"2026-08-25T15:53:31+00:00","breadcrumb":{"@id":"https:\/\/chairecreat.ca\/en\/actualite\/study-reveals-the-economic-and-social-impact-of-arts-and-culture-in-the-mauricie-region\/#breadcrumb"},"inLanguage":"en-CA","potentialAction":[{"@type":"ReadAction","target":["https:\/\/chairecreat.ca\/en\/actualite\/study-reveals-the-economic-and-social-impact-of-arts-and-culture-in-the-mauricie-region\/"]}]},{"@type":"BreadcrumbList","@id":"https:\/\/chairecreat.ca\/en\/actualite\/study-reveals-the-economic-and-social-impact-of-arts-and-culture-in-the-mauricie-region\/#breadcrumb","itemListElement":[{"@type":"ListItem","position":1,"name":"Home","item":"https:\/\/chairecreat.ca\/en\/"},{"@type":"ListItem","position":2,"name":"Study Reveals the Economic and Social Impact of Arts and Culture in the Mauricie Region"}]},{"@type":"WebSite","@id":"https:\/\/chairecreat.ca\/en\/#website","url":"https:\/\/chairecreat.ca\/en\/","name":"Chaire en \u00e9conomie cr\u00e9ative &amp; mieux-\u00eatre","description":"","potentialAction":[{"@type":"SearchAction","target":{"@type":"EntryPoint","urlTemplate":"https:\/\/chairecreat.ca\/en\/?s={search_term_string}"},"query-input":{"@type":"PropertyValueSpecification","valueRequired":true,"valueName":"search_term_string"}}],"inLanguage":"en-CA"}]}},"_links":{"self":[{"href":"https:\/\/chairecreat.ca\/en\/wp-json\/wp\/v2\/actualite\/8713","targetHints":{"allow":["GET"]}}],"collection":[{"href":"https:\/\/chairecreat.ca\/en\/wp-json\/wp\/v2\/actualite"}],"about":[{"href":"https:\/\/chairecreat.ca\/en\/wp-json\/wp\/v2\/types\/actualite"}],"version-history":[{"count":2,"href":"https:\/\/chairecreat.ca\/en\/wp-json\/wp\/v2\/actualite\/8713\/revisions"}],"predecessor-version":[{"id":8715,"href":"https:\/\/chairecreat.ca\/en\/wp-json\/wp\/v2\/actualite\/8713\/revisions\/8715"}],"wp:attachment":[{"href":"https:\/\/chairecreat.ca\/en\/wp-json\/wp\/v2\/media?parent=8713"}],"wp:term":[{"taxonomy":"post_tag","embeddable":true,"href":"https:\/\/chairecreat.ca\/en\/wp-json\/wp\/v2\/tags?post=8713"}],"curies":[{"name":"wp","href":"https:\/\/api.w.org\/{rel}","templated":true}]}}